{"id":447,"date":"2024-11-28T04:37:13","date_gmt":"2024-11-28T04:37:13","guid":{"rendered":"https:\/\/respublikosinfo.lt\/?p=447"},"modified":"2024-11-28T04:37:13","modified_gmt":"2024-11-28T04:37:13","slug":"strasbure-protestuotojai-smerkia-es-bendrininkavima-su-izraeliu","status":"publish","type":"post","link":"https:\/\/respublikosinfo.lt\/?p=447","title":{"rendered":"Strasb\u016bre protestuotojai smerkia ES \u201ebendrininkavim\u0105\u201c su Izraeliu"},"content":{"rendered":"<p> <br \/>\n<\/p>\n<div id=\"post-689112\">\n<div class=\"et_post_meta_wrapper\">\n<p class=\"post-meta\">  pateik\u0117 <span class=\"author vcard\">AI<\/span> | <span class=\"published\">2024 m. lapkri\u010dio 27 d<\/span> | Europa trumpai AI<\/p>\n<div class=\"et_post_excerpt\">\n<p>Keli \u0161imtai \u017emoni\u0173 tre\u010diadien\u012f demonstravo prie Europos Parlamento reikalaudami \u201enedelsiant nutraukti ugn\u012f\u201c Gazoje ir nutraukti ginkl\u0173 eksport\u0105 \u012f Izrael\u012f, tokius reikalavimus kartojo kai kurie europarlamentarai.<\/p>\n<\/div>\n<p>\t\t\t\t\t\t\t    <figcaption>2024 m. spalio 5 d. Pary\u017eiuje vyko asociacijos France Palestine Solidarit\u00e9 (AFPS) surengtas mitingas, skirtas Palestinos \u017emon\u0117ms paremti. (Nuotrauka: ST\u00c9PHANE DE SAKUTIN \/ AFP)<\/figcaption><\/div>\n<div class=\"entry-content\">\n<p>\u201ehtml<\/p>\n<p>Strasb\u016bras (Pranc\u016bzija) \u2013 Policijos duomenimis, ma\u017edaug 400 \u017emoni\u0173 atsiliep\u0117 \u012f asociacijos \u201eFrance Palestine Solidarit\u00e9\u201c ir keli\u0173 de\u0161im\u010di\u0173 kit\u0173 asociacij\u0173 raginim\u0105 prie Europos Parlamento reikalauti \u201eneatid\u0117liotin\u0173 paliaub\u0173\u201c Gazoje ir pasmerkti ginklus. pardavimo \u012f Izrael\u012f.<\/p>\n<p>\u201eIzraelio \u017eudikas, Europos bendrininkas\u201c skandavo demonstrantai, atvyk\u0119 i\u0161 Pranc\u016bzijos, bet taip pat i\u0161 \u0160veicarijos, Vokietijos, Belgijos ir Liuksemburgo, pateikdami \u017eenklus, ant kuri\u0173 buvo galima \u012fra\u0161yti \u201eStop genocid\u0105\u201c arba \u201eMes visi esame palestinie\u010diai\u201c.<\/p>\n<p>\u201eEsame \u010dia tam, kad pasmerktume Europos S\u0105jungos lyderius. Jie priekai\u0161tauja Izraeliui, bet i\u0161 tikr\u0173j\u0173 mes suteikiame jam priemoni\u0173 t\u0119sti\u201c, \u2013 naujien\u0173 agent\u016brai AFP sak\u0117 vienas i\u0161 mobilizacijos organizatori\u0173 Gabrielis Cardoenas.<\/p>\n<p>Parlamente europarlamentarai dalyvavo spaudos konferencijoje, kuri\u0105 inicijavo \u017dmogaus teisi\u0173 pakomite\u010dio pirmininkas pranc\u016bz\u0173 ekologas Mounir Satouri, kuriame buvo reikalaujama, kad b\u016bt\u0173 sustabdytas ES ir Izraelio asociacijos susitarimas. (2024 m. lapkri\u010dio 27 d.)<\/p>\n<p>\u201c`<\/p>\n<\/p><\/div>\n<\/p><\/div>\n<p><br \/>\n<br \/><a href=\"https:\/\/europeannewsroom.com\/in-strasbourg-protesters-denounce-the-eus-complicity-with-israel\/\">Source link <\/a><\/p>\n","protected":false},"excerpt":{"rendered":"<p>pateik\u0117 AI | 2024 m. lapkri\u010dio 27 d | Europa trumpai AI Keli \u0161imtai \u017emoni\u0173 tre\u010diadien\u012f demonstravo prie Europos Parlamento reikalaudami \u201enedelsiant nutraukti ugn\u012f\u201c Gazoje [&hellip;]<\/p>\n","protected":false},"author":1,"featured_media":448,"comment_status":"","ping_status":"","sticky":false,"template":"","format":"standard","meta":{"om_disable_all_campaigns":false,"_monsterinsights_skip_tracking":false,"_monsterinsights_sitenote_active":false,"_monsterinsights_sitenote_note":"","_monsterinsights_sitenote_category":0,"footnotes":""},"categories":[40],"tags":[1351,1352,1349,1350,1348],"class_list":["post-447","post","type-post","status-publish","format-standard","has-post-thumbnail","hentry","category-europos-naujienos","tag-bendrininkavima","tag-izraeliu","tag-protestuotojai","tag-smerkia","tag-strasbure"],"aioseo_notices":[],"_links":{"self":[{"href":"https:\/\/respublikosinfo.lt\/index.php?rest_route=\/wp\/v2\/posts\/447","targetHints":{"allow":["GET"]}}],"collection":[{"href":"https:\/\/respublikosinfo.lt\/index.php?rest_route=\/wp\/v2\/posts"}],"about":[{"href":"https:\/\/respublikosinfo.lt\/index.php?rest_route=\/wp\/v2\/types\/post"}],"author":[{"embeddable":true,"href":"https:\/\/respublikosinfo.lt\/index.php?rest_route=\/wp\/v2\/users\/1"}],"replies":[{"embeddable":true,"href":"https:\/\/respublikosinfo.lt\/index.php?rest_route=%2Fwp%2Fv2%2Fcomments&post=447"}],"version-history":[{"count":0,"href":"https:\/\/respublikosinfo.lt\/index.php?rest_route=\/wp\/v2\/posts\/447\/revisions"}],"wp:featuredmedia":[{"embeddable":true,"href":"https:\/\/respublikosinfo.lt\/index.php?rest_route=\/wp\/v2\/media\/448"}],"wp:attachment":[{"href":"https:\/\/respublikosinfo.lt\/index.php?rest_route=%2Fwp%2Fv2%2Fmedia&parent=447"}],"wp:term":[{"taxonomy":"category","embeddable":true,"href":"https:\/\/respublikosinfo.lt\/index.php?rest_route=%2Fwp%2Fv2%2Fcategories&post=447"},{"taxonomy":"post_tag","embeddable":true,"href":"https:\/\/respublikosinfo.lt\/index.php?rest_route=%2Fwp%2Fv2%2Ftags&post=447"}],"curies":[{"name":"wp","href":"https:\/\/api.w.org\/{rel}","templated":true}]}}