{"id":576,"date":"2024-12-04T16:56:05","date_gmt":"2024-12-04T16:56:05","guid":{"rendered":"https:\/\/respublikosinfo.lt\/?p=576"},"modified":"2024-12-04T16:56:05","modified_gmt":"2024-12-04T16:56:05","slug":"derybos-baigiasi-o-prancuzija-slubuoja-politico","status":"publish","type":"post","link":"https:\/\/respublikosinfo.lt\/?p=576","title":{"rendered":"derybos baigiasi, o Pranc\u016bzija \u0161lubuoja \u2013 POLITICO"},"content":{"rendered":"<p> <br \/>\n<\/p>\n<div>\n<p>Pra\u0117jus vos trims dienoms po to, kai prad\u0117jo eiti pareigas, naujasis Europos Komisijos narys, atsakingas u\u017e prekyb\u0105, Maro\u0161as \u0160ef\u010dovi\u010dius palaiko \u201epapildomus ry\u0161ius su kolegomis, taip pat artimiausiomis valandomis\u201c, antradien\u012f EP nariams sak\u0117 Prekybos GD vadov\u0117 Sabine Weyand, patvirtindama POLITICO informacij\u0105. .<\/p>\n<p>I\u0161 pirmo \u017evilgsnio Vokietija ir jos Europos Komisijos atstov\u0117 Ursula von der Leyen gali b\u016bti ant didel\u0117s pergal\u0117s slenks\u010dio. Kartu tai sukurt\u0173 g\u0117ding\u0105 precedent\u0105 Pary\u017eiui, kuris Europos arenoje retai nubalsavo.<\/p>\n<p>Penktadienio \u201eMercosur\u201c vir\u0161\u016bni\u0173 susitikimas Montevid\u0117juje tikriausiai yra paskutin\u0117 galimyb\u0117 tai padaryti, o susitarimo u\u017ebaigimas dabar b\u016bt\u0173 abiem pus\u0117ms naudingas. Komisijos pirmininkas turi visus \u012fgaliojimus tai daryti ir, m\u016bs\u0173 nuomone, tur\u0117t\u0173 jais atitinkamai pasinaudoti\u201c, \u2013 antradien\u012f sak\u0117 Vokietijos u\u017esienio reikal\u0173 ministr\u0117 Annalena Baerbock.<\/p>\n<p>Prekybos susitarimas, smarkiai kritikuojamas ma\u017e\u0173, bet \u012ftaking\u0173 grupi\u0173, toki\u0173 kaip \u016bkininkai ir NVO, i\u0161ry\u0161kino \u012ftamp\u0105 tarp ES \u0161ali\u0173. Berlynas ir 10 kit\u0173 Europos sostini\u0173 nori kuo grei\u010diau sudaryti susitarim\u0105 d\u0117l \u012fvairi\u0173 ekonomini\u0173 ir geopolitini\u0173 prie\u017eas\u010di\u0173, nesvarbu, ar d\u0117l eksporto galimybi\u0173 atgaivinti nykstant\u012f Vokietijos automobili\u0173 pramon\u0119, ar atremti did\u0117jan\u010di\u0105 Kinijos \u012ftak\u0105 regione.<\/p>\n<h3 class=\"wp-block-heading\">Pary\u017eius prie\u0161tarauja<\/h3>\n<p>Pranc\u016bzija savo ruo\u017etu kategori\u0161kai prie\u0161inasi susitarimui, manydama, kad ji aukoja savo \u016bkininkus, kurie smarkiai nukent\u0117jo d\u0117l Vokietijos pramon\u0117s interes\u0173.<\/p>\n<p>I\u0161bla\u0161kytas vidin\u0117s politin\u0117s audros ir vyriausybei atsid\u016brus ant \u017elugimo slenks\u010dio d\u0117l biud\u017eeto kriz\u0117s, Emmanuelis Macronas steng\u0117si suburti pakankamai Europos vyriausybi\u0173, kurios prie\u0161taraut\u0173 susitarimui.<\/p>\n<\/div>\n<p><script>\n\t\tpl_facebook_pixel_args = ();\n\t\tpl_facebook_pixel_args.userAgent = navigator.userAgent;\n\t\tpl_facebook_pixel_args.language = navigator.language;\n\t\tif ( document.referrer.indexOf( document.domain ) < 0 ) {\n\t\t\tpl_facebook_pixel_args.referrer = document.referrer;\n\t\t}\n\n\t\t!function(f,b,e,v,n,t,s)\n\t\t{if(f.fbq)return;n=f.fbq=function(){n.callMethod?\n\t\tn.callMethod.apply(n,arguments):n.queue.push(arguments)};\n\t\tif(!f._fbq)f._fbq=n;n.push=n;n.loaded=!0;n.version='2.0';\n\t\tn.queue=();t=b.createElement(e);t.async=!0;\n\t\tt.src=v;s=b.getElementsByTagName(e)(0);\n\t\ts.parentNode.insertBefore(t,s)}(window, document,'script',\n\t\t'https:\/\/connect.facebook.net\/en_US\/fbevents.js');\n\n\t\tfbq( 'consent', 'revoke' );\n\t\tfbq( 'init', \"394368290733607\" );\n\t\tfbq( 'track', 'PageView', pl_facebook_pixel_args );\n\n\t\tif ( typeof window.__tcfapi !== 'undefined' ) {\n\t\t\twindow.__tcfapi( 'addEventListener', 2, function( tcData, listenerSuccess ) {\n\t\t\t\tif ( listenerSuccess ) {\n\t\t\t\t\tif ( tcData.eventStatus === 'useractioncomplete' || tcData.eventStatus === 'tcloaded' ) {\n\n\t\t\t\t\t\t__tcfapi( 'getCustomVendorConsents', 2, function( vendorConsents, success ) {\n\t\t\t\t\t\t\tif ( ! vendorConsents.hasOwnProperty( 'consentedPurposes' ) ) {\n\t\t\t\t\t\t\t\treturn;\n\t\t\t\t\t\t\t}\n\n\t\t\t\t\t\t\tconst consents = vendorConsents.consentedPurposes.filter(\n\t\t\t\t\t\t\t\tfunction( vendorConsents ) {\n\t\t\t\t\t\t\t\t\treturn 'Create profiles for personalised advertising' === vendorConsents.name;\n\t\t\t\t\t\t\t\t}\n\t\t\t\t\t\t\t);\n\n\t\t\t\t\t\t\tif ( consents.length === 1 ) {\n\t\t\t\t\t\t\t\tfbq( 'consent', 'grant' );\n\t\t\t\t\t\t\t}\n\t\t\t\t\t\t} );\n\t\t\t\t\t}\n\t\t\t\t}\n\t\t\t});\n\t\t}\n\t\t<\/script><br \/>\n<br \/><br \/>\n<br \/><a href=\"https:\/\/www.politico.eu\/article\/mercosur-les-negociations-france-commerce-commercial-bruxelles\/?utm_source=RSS_Feed&#038;utm_medium=RSS&#038;utm_campaign=RSS_Syndication\">Source link <\/a><\/p>\n","protected":false},"excerpt":{"rendered":"<p>Pra\u0117jus vos trims dienoms po to, kai prad\u0117jo eiti pareigas, naujasis Europos Komisijos narys, atsakingas u\u017e prekyb\u0105, Maro\u0161as \u0160ef\u010dovi\u010dius palaiko \u201epapildomus ry\u0161ius su kolegomis, taip [&hellip;]<\/p>\n","protected":false},"author":1,"featured_media":577,"comment_status":"","ping_status":"","sticky":false,"template":"","format":"standard","meta":{"om_disable_all_campaigns":false,"_monsterinsights_skip_tracking":false,"_monsterinsights_sitenote_active":false,"_monsterinsights_sitenote_note":"","_monsterinsights_sitenote_category":0,"footnotes":""},"categories":[183],"tags":[1725,81,257,1498,1726],"class_list":["post-576","post","type-post","status-publish","format-standard","has-post-thumbnail","hentry","category-europos-politines-naujienos","tag-baigiasi","tag-derybos","tag-politico","tag-prancuzija","tag-slubuoja"],"aioseo_notices":[],"_links":{"self":[{"href":"https:\/\/respublikosinfo.lt\/index.php?rest_route=\/wp\/v2\/posts\/576","targetHints":{"allow":["GET"]}}],"collection":[{"href":"https:\/\/respublikosinfo.lt\/index.php?rest_route=\/wp\/v2\/posts"}],"about":[{"href":"https:\/\/respublikosinfo.lt\/index.php?rest_route=\/wp\/v2\/types\/post"}],"author":[{"embeddable":true,"href":"https:\/\/respublikosinfo.lt\/index.php?rest_route=\/wp\/v2\/users\/1"}],"replies":[{"embeddable":true,"href":"https:\/\/respublikosinfo.lt\/index.php?rest_route=%2Fwp%2Fv2%2Fcomments&post=576"}],"version-history":[{"count":0,"href":"https:\/\/respublikosinfo.lt\/index.php?rest_route=\/wp\/v2\/posts\/576\/revisions"}],"wp:featuredmedia":[{"embeddable":true,"href":"https:\/\/respublikosinfo.lt\/index.php?rest_route=\/wp\/v2\/media\/577"}],"wp:attachment":[{"href":"https:\/\/respublikosinfo.lt\/index.php?rest_route=%2Fwp%2Fv2%2Fmedia&parent=576"}],"wp:term":[{"taxonomy":"category","embeddable":true,"href":"https:\/\/respublikosinfo.lt\/index.php?rest_route=%2Fwp%2Fv2%2Fcategories&post=576"},{"taxonomy":"post_tag","embeddable":true,"href":"https:\/\/respublikosinfo.lt\/index.php?rest_route=%2Fwp%2Fv2%2Ftags&post=576"}],"curies":[{"name":"wp","href":"https:\/\/api.w.org\/{rel}","templated":true}]}}