{"id":704,"date":"2024-12-10T17:19:17","date_gmt":"2024-12-10T17:19:17","guid":{"rendered":"https:\/\/respublikosinfo.lt\/?p=704"},"modified":"2024-12-10T17:19:17","modified_gmt":"2024-12-10T17:19:17","slug":"jis-save-vadina-donaldu-trumpu-politiku","status":"publish","type":"post","link":"https:\/\/respublikosinfo.lt\/?p=704","title":{"rendered":"jis save vadina Donaldu Trumpu \u2013 POLITIKU"},"content":{"rendered":"<p> <br \/>\n<\/p>\n<div>\n<p>\u201eTrumpas dar niekada nebuvo toks entuziastingas d\u0117l id\u0117jos pripa\u017einti ES kaip pa\u0161nekov\u0105\u201c, \u2013 sako tre\u010diasis Europos diplomatas. ES diplomatai kalb\u0117josi su s\u0105lyga likti anonimi\u0161ki, kad gal\u0117t\u0173 laisvai aptarti subtilius santykius su Va\u0161ingtonu.<\/p>\n<p>Nors D. Trumpas pareigas prad\u0117s eiti tik sausio m\u0117nes\u012f, jau ai\u0161ku, kaip atrodys susid\u016brimas su ES. I\u0161rinktasis prezidentas pa\u017ead\u0117jo u\u017ebaigti kar\u0105 Ukrainoje netrukus po to, kai \u012f\u017eengs \u012f Baltuosius r\u016bmus, grei\u010diausiai nutraukdamas param\u0105 Kijevui, nebent jis sutiks perleisti teritorij\u0105 Rusijai. Respublikonas taip pat sak\u0117 skatinsiantis rusus daryti \u201ek\u0105 nori\u201c \u0161alims, kurios nepasiek\u0117 savo NATO i\u0161laid\u0173 tiksl\u0173.<\/p>\n<p>Ekonomika kelia dar didesn\u012f susir\u016bpinim\u0105. Donaldas Trumpas pa\u017ead\u0117jo Europai \u012fvesti pla\u010diai paplitusius 10\u201320 procent\u0173 muitus. Jis taip pat pagrasino taikyti 60% mokest\u012f visai produkcijai i\u0161 Kinijos, o tai gali paskatinti Pekin\u0105 atsigr\u0119\u017eti \u012f Europos rink\u0105.<\/p>\n<p>U\u017ekulisiuose ES diplomatai taip pat baiminasi, kad D. Trumpas grasins \u012fvesti muitus \u0161alims, kurios nedidina savo i\u0161laid\u0173 gynybai, o Vokietija \u2013 jau u\u017egrobta Europos ekonomikos variklis \u2013 bus vienas i\u0161 pagrindini\u0173 jo taikini\u0173.<\/p>\n<figure class=\"wp-block-image size-large\"><figcaption class=\"wp-element-caption\">Nepaisant to, tikimasi, kad Donaldo Trumpo gr\u012f\u017eimas \u012f Baltuosius r\u016bmus sukels neramumus Ursulos von der Leyen kadencijos metu. | Baseino nuotrauka, kuri\u0105 pateik\u0117 Allison Robbert per \u201eGetty Images\u201c.<\/figcaption><\/figure>\n<h3 class=\"wp-block-heading\">U\u017edaryti gretas<\/h3>\n<p>Ursula von der Leyen tikisi, kad visa tai privers ES sutraukti gretas ir glaud\u017eiau bendradarbiauti, kaip tai dar\u0117 per Covid kriz\u0119 ir pirmosiomis karo Ukrainoje dienomis. Va\u0161ingtono spaud\u017eiama S\u0105junga netur\u0117s kito pasirinkimo, kaip tik didinti i\u0161laidas gynybai, stiprinti technologin\u012f sektori\u0173 ir i\u0161siai\u0161kinti savo pozicij\u0105 Kinijos at\u017evilgiu. Tiek daug sud\u0117ting\u0173 sprendim\u0173, kuri\u0173 kai kurios valstyb\u0117s nar\u0117s reikalavo daugel\u012f met\u0173.<\/p>\n<p>Manoma, kad von der Leyenas yra vienas pagrindini\u0173 Va\u0161ingtono Europos pa\u0161nekov\u0173, pri\u017ei\u016brintis didel\u0119 ES politikos srit\u012f, \u012fskaitant prekyb\u0105, klimat\u0105, technologijas ir konkurencij\u0105.<\/p>\n<\/div>\n<p><script>\n\t\tpl_facebook_pixel_args = ();\n\t\tpl_facebook_pixel_args.userAgent = navigator.userAgent;\n\t\tpl_facebook_pixel_args.language = navigator.language;\n\t\tif ( document.referrer.indexOf( document.domain ) < 0 ) {\n\t\t\tpl_facebook_pixel_args.referrer = document.referrer;\n\t\t}\n\n\t\t!function(f,b,e,v,n,t,s)\n\t\t{if(f.fbq)return;n=f.fbq=function(){n.callMethod?\n\t\tn.callMethod.apply(n,arguments):n.queue.push(arguments)};\n\t\tif(!f._fbq)f._fbq=n;n.push=n;n.loaded=!0;n.version='2.0';\n\t\tn.queue=();t=b.createElement(e);t.async=!0;\n\t\tt.src=v;s=b.getElementsByTagName(e)(0);\n\t\ts.parentNode.insertBefore(t,s)}(window, document,'script',\n\t\t'https:\/\/connect.facebook.net\/en_US\/fbevents.js');\n\n\t\tfbq( 'consent', 'revoke' );\n\t\tfbq( 'init', \"394368290733607\" );\n\t\tfbq( 'track', 'PageView', pl_facebook_pixel_args );\n\n\t\tif ( typeof window.__tcfapi !== 'undefined' ) {\n\t\t\twindow.__tcfapi( 'addEventListener', 2, function( tcData, listenerSuccess ) {\n\t\t\t\tif ( listenerSuccess ) {\n\t\t\t\t\tif ( tcData.eventStatus === 'useractioncomplete' || tcData.eventStatus === 'tcloaded' ) {\n\n\t\t\t\t\t\t__tcfapi( 'getCustomVendorConsents', 2, function( vendorConsents, success ) {\n\t\t\t\t\t\t\tif ( ! vendorConsents.hasOwnProperty( 'consentedPurposes' ) ) {\n\t\t\t\t\t\t\t\treturn;\n\t\t\t\t\t\t\t}\n\n\t\t\t\t\t\t\tconst consents = vendorConsents.consentedPurposes.filter(\n\t\t\t\t\t\t\t\tfunction( vendorConsents ) {\n\t\t\t\t\t\t\t\t\treturn 'Create profiles for personalised advertising' === vendorConsents.name;\n\t\t\t\t\t\t\t\t}\n\t\t\t\t\t\t\t);\n\n\t\t\t\t\t\t\tif ( consents.length === 1 ) {\n\t\t\t\t\t\t\t\tfbq( 'consent', 'grant' );\n\t\t\t\t\t\t\t}\n\t\t\t\t\t\t} );\n\t\t\t\t\t}\n\t\t\t\t}\n\t\t\t});\n\t\t}\n\t\t<\/script><br \/>\n<br \/><br \/>\n<br \/><a href=\"https:\/\/www.politico.eu\/article\/ursula-von-der-leyen-a-un-probleme-il-sappelle-donald-trump\/?utm_source=RSS_Feed&#038;utm_medium=RSS&#038;utm_campaign=RSS_Syndication\">Source link <\/a><\/p>\n","protected":false},"excerpt":{"rendered":"<p>\u201eTrumpas dar niekada nebuvo toks entuziastingas d\u0117l id\u0117jos pripa\u017einti ES kaip pa\u0161nekov\u0105\u201c, \u2013 sako tre\u010diasis Europos diplomatas. ES diplomatai kalb\u0117josi su s\u0105lyga likti anonimi\u0161ki, kad [&hellip;]<\/p>\n","protected":false},"author":1,"featured_media":705,"comment_status":"","ping_status":"","sticky":false,"template":"","format":"standard","meta":{"om_disable_all_campaigns":false,"_monsterinsights_skip_tracking":false,"_monsterinsights_sitenote_active":false,"_monsterinsights_sitenote_note":"","_monsterinsights_sitenote_category":0,"footnotes":""},"categories":[183],"tags":[2099,126,2100,2097,1094,2098],"class_list":["post-704","post","type-post","status-publish","format-standard","has-post-thumbnail","hentry","category-europos-politines-naujienos","tag-donaldu","tag-jis","tag-politiku","tag-save","tag-trumpu","tag-vadina"],"aioseo_notices":[],"_links":{"self":[{"href":"https:\/\/respublikosinfo.lt\/index.php?rest_route=\/wp\/v2\/posts\/704","targetHints":{"allow":["GET"]}}],"collection":[{"href":"https:\/\/respublikosinfo.lt\/index.php?rest_route=\/wp\/v2\/posts"}],"about":[{"href":"https:\/\/respublikosinfo.lt\/index.php?rest_route=\/wp\/v2\/types\/post"}],"author":[{"embeddable":true,"href":"https:\/\/respublikosinfo.lt\/index.php?rest_route=\/wp\/v2\/users\/1"}],"replies":[{"embeddable":true,"href":"https:\/\/respublikosinfo.lt\/index.php?rest_route=%2Fwp%2Fv2%2Fcomments&post=704"}],"version-history":[{"count":0,"href":"https:\/\/respublikosinfo.lt\/index.php?rest_route=\/wp\/v2\/posts\/704\/revisions"}],"wp:featuredmedia":[{"embeddable":true,"href":"https:\/\/respublikosinfo.lt\/index.php?rest_route=\/wp\/v2\/media\/705"}],"wp:attachment":[{"href":"https:\/\/respublikosinfo.lt\/index.php?rest_route=%2Fwp%2Fv2%2Fmedia&parent=704"}],"wp:term":[{"taxonomy":"category","embeddable":true,"href":"https:\/\/respublikosinfo.lt\/index.php?rest_route=%2Fwp%2Fv2%2Fcategories&post=704"},{"taxonomy":"post_tag","embeddable":true,"href":"https:\/\/respublikosinfo.lt\/index.php?rest_route=%2Fwp%2Fv2%2Ftags&post=704"}],"curies":[{"name":"wp","href":"https:\/\/api.w.org\/{rel}","templated":true}]}}